{"id":2356,"date":"2020-03-17T12:58:08","date_gmt":"2020-03-17T12:58:08","guid":{"rendered":"https:\/\/www.cajaforensesantafe.org.ar\/?p=2356"},"modified":"2020-06-18T20:52:33","modified_gmt":"2020-06-18T20:52:33","slug":"medidas-de-prevencion-para-el-coronavirus","status":"publish","type":"post","link":"https:\/\/www.cajaforensesantafe.org.ar\/?p=2356","title":{"rendered":"MEDIDAS DE PREVENCI\u00d3N CONTRA EL CORONAVIRUS"},"content":{"rendered":"<h4>Considerando que el 11\/03\/20 la OMS declar\u00f3 el brote de <strong><span style=\"color: #0000ff;\">CORONAVIRUS COVID 19<\/span><\/strong> como pandemia, resulta necesario la adopci\u00f3n de medidas oportunas en esta etapa de contenci\u00f3n y prevenci\u00f3n, a fin de mitigar la circulaci\u00f3n y propagaci\u00f3n del virus.<\/h4>\n<p>&nbsp;<\/p>\n<p><strong><span style=\"color: #000000;\">1) Higiene de manos, aumentando la frecuencia en los lugares de atenci\u00f3n al p\u00fablico (Obra Social\u2013 Caja\u2013Contadur\u00eda) proveyendo los elementos necesarios (jab\u00f3n l\u00edquido\u2013alcohol en gel\u2013toallas desinfectantes) para el personal y afiliados.<\/span><\/strong><\/p>\n<p><strong><span style=\"color: #000000;\">2) Realizar limpieza y desinfecci\u00f3n diaria en las superficies (escritorios \u2013mesa-puertas\u2013picaportes\u2013barandas de escaleras\u2013ascensor\u2013pisos\u2013ba\u00f1os e interruptores de luz, etc.) con hipoclorito de sodio (agua lavandina) dado que el virus se inactiva a los 5 minutos del contacto.<\/span><\/strong><\/p>\n<p><strong><span style=\"color: #000000;\">3) Mantener adecuadamente ventilados los sectores de amplia circulaci\u00f3n de personas (sala de espera).<\/span><\/strong><\/p>\n<p><strong><span style=\"color: #000000;\">4) Mantener una distancia de 1,5 mts. entre personas en la atenci\u00f3n al p\u00fablico.<\/span><\/strong><\/p>\n<p><strong><span style=\"color: #000000;\">5) Evitar que se acumule gente en la sala de espera, caja y sector de contadur\u00eda y que mantengan entre cada persona la distancia sugerida (1,5 mts.)<\/span><\/strong><\/p>\n<p><strong><span style=\"color: #000000;\">6) Concientizar a los afiliados mayores de 60 a\u00f1os con factores patol\u00f3gicos (Diabetes\u2013 inmunodeprimidos\u2013cardi\u00f3patas, etc.) y embarazadas, que traten de evitar la concurrencia a nuestras oficinas para tr\u00e1mites injustificados, pudiendo enviar a una persona que no se encuentra dentro de grupo de riesgo.<\/span><\/strong><\/p>\n<p><strong><span style=\"color: #000000;\">7) Identificar al personal que se encuadre dentro de los grupos de riesgo, evitando la concurrencia al trabajo por el t\u00e9rmino de 14 d\u00edas y\/o hasta nuevo aviso y directiva (licencia especial).<\/span><\/strong><\/p>\n<p><strong><span style=\"color: #000000;\">8) Informar a los afiliados que si han regresado dentro de los \u00faltimos 15 d\u00edas de un viaje de zonas afectadas con circulaci\u00f3n viral activa, deben permanecer obligatoriamente en cuarentena en su domicilio por el t\u00e9rmino de 14 d\u00edas.<\/span><\/strong><\/p>\n<p><strong><span style=\"color: #000000;\">9) Solicitar a los afiliados concurrir a nuestra obra social en caso de realizaci\u00f3n de tr\u00e1mites de urgencia (Por ej. Para solicitar reintegros hay un t\u00e9rmino de 90 d\u00edas para presentarlos)<\/span><\/strong><\/p>\n<p><strong><span style=\"color: #000000;\">10) Evaluar un esquema de atenci\u00f3n al p\u00fablico con horario reducido durante el periodo indicado, siempre que la medida no derive en detrimento de los afiliados<\/span><\/strong><\/p>\n<p><strong><span style=\"color: #000000;\">11) Evitar compartir el uso de mate y utensilios y\u00a0 los saludos de manos, besos y abrazos.<\/span><\/strong><\/p>\n<p><strong><span style=\"color: #000000;\">12) Al toser o estornudar, cubrirse la boca y nariz con un pa\u00f1uelo descartable o con el \u00e1ngulo interno del codo. Tirar a la basura los pa\u00f1uelos descartables inmediatamente despu\u00e9s de usarlos.<\/span><\/strong><\/p>\n<p><strong><span style=\"color: #000000;\">13) Hacer extensivas las medidas preventivas a las delegaciones del interior.<\/span><\/strong><\/p>\n<p><strong><span style=\"color: #000000;\">14) Evaluar adelantar la campa\u00f1a de vacunaci\u00f3n antigripal cepa 2020 y vacuna antineumoc\u00f3cica para nuestros afiliados.<\/span><\/strong><\/p>\n<p>&nbsp;<\/p>\n<h4><span style=\"color: #0000ff;\"><b>LA PREVENCI\u00d3N\u00a0EN SALUD<\/b><strong> ES LA PRINCIPAL Y MEJOR HERRAMIENTA PARA EVITAR ENFERMEDADES<\/strong>.<\/span><\/h4>\n","protected":false},"excerpt":{"rendered":"<p>Considerando que el 11\/03\/20 la OMS declar\u00f3 el brote de CORONAVIRUS COVID 19 como pandemia, resulta necesario la adopci\u00f3n de medidas oportunas en esta etapa de contenci\u00f3n y prevenci\u00f3n, a fin de mitigar la circulaci\u00f3n y propagaci\u00f3n del virus. &nbsp; 1) Higiene de manos, aumentando la frecuencia en los lugares de atenci\u00f3n al p\u00fablico (Obra&hellip;<\/p>\n","protected":false},"author":1,"featured_media":2358,"comment_status":"closed","ping_status":"closed","sticky":false,"template":"","format":"standard","meta":{"footnotes":""},"categories":[7],"tags":[],"class_list":["post-2356","post","type-post","status-publish","format-standard","has-post-thumbnail","hentry","category-noticias-anteriores","category-7","description-off"],"_links":{"self":[{"href":"https:\/\/www.cajaforensesantafe.org.ar\/index.php?rest_route=\/wp\/v2\/posts\/2356","targetHints":{"allow":["GET"]}}],"collection":[{"href":"https:\/\/www.cajaforensesantafe.org.ar\/index.php?rest_route=\/wp\/v2\/posts"}],"about":[{"href":"https:\/\/www.cajaforensesantafe.org.ar\/index.php?rest_route=\/wp\/v2\/types\/post"}],"author":[{"embeddable":true,"href":"https:\/\/www.cajaforensesantafe.org.ar\/index.php?rest_route=\/wp\/v2\/users\/1"}],"replies":[{"embeddable":true,"href":"https:\/\/www.cajaforensesantafe.org.ar\/index.php?rest_route=%2Fwp%2Fv2%2Fcomments&post=2356"}],"version-history":[{"count":2,"href":"https:\/\/www.cajaforensesantafe.org.ar\/index.php?rest_route=\/wp\/v2\/posts\/2356\/revisions"}],"predecessor-version":[{"id":2359,"href":"https:\/\/www.cajaforensesantafe.org.ar\/index.php?rest_route=\/wp\/v2\/posts\/2356\/revisions\/2359"}],"wp:featuredmedia":[{"embeddable":true,"href":"https:\/\/www.cajaforensesantafe.org.ar\/index.php?rest_route=\/wp\/v2\/media\/2358"}],"wp:attachment":[{"href":"https:\/\/www.cajaforensesantafe.org.ar\/index.php?rest_route=%2Fwp%2Fv2%2Fmedia&parent=2356"}],"wp:term":[{"taxonomy":"category","embeddable":true,"href":"https:\/\/www.cajaforensesantafe.org.ar\/index.php?rest_route=%2Fwp%2Fv2%2Fcategories&post=2356"},{"taxonomy":"post_tag","embeddable":true,"href":"https:\/\/www.cajaforensesantafe.org.ar\/index.php?rest_route=%2Fwp%2Fv2%2Ftags&post=2356"}],"curies":[{"name":"wp","href":"https:\/\/api.w.org\/{rel}","templated":true}]}}