{"id":2461,"date":"2020-08-27T23:43:51","date_gmt":"2020-08-27T23:43:51","guid":{"rendered":"https:\/\/www.cajaforensesantafe.org.ar\/?p=2461"},"modified":"2025-02-24T19:24:34","modified_gmt":"2025-02-24T19:24:34","slug":"nuevo-sistema-de-emergencias-medicas-en-reconquista-y-avellaneda","status":"publish","type":"post","link":"https:\/\/www.cajaforensesantafe.org.ar\/?p=2461","title":{"rendered":"NUEVO SISTEMA DE EMERGENCIAS MEDICAS EN RECONQUISTA Y AVELLANEDA"},"content":{"rendered":"<h3 class=\"x_MsoNoSpacing\">\u00a0 \u00a0 \u00a0 \u00a0 \u00a0 \u00a0 <span style=\"color: #000000;\">Comunicamos que la Caja Forense ha suscripto un convenio con la empresa AME EMERGENCIAS (H\u00e9ctor Emilio Nardelli S.A.) para que a partir del 1\u00ba de septiembre los afiliados, accedan a la cobertura de emergencias y urgencias m\u00e9dicas, de forma ilimitada, sin pago de coseguro ni presentaci\u00f3n de orden de consulta.<\/span><\/h3>\n<h3 class=\"x_MsoNoSpacing\"><span style=\"color: #000000;\">\u00a0<\/span><\/h3>\n<h3 class=\"x_MsoNoSpacing\"><span style=\"color: #000000;\">\u00a0\u00a0\u00a0\u00a0\u00a0\u00a0\u00a0\u00a0\u00a0\u00a0\u00a0<span style=\"color: #0000ff;\"> Dicho servicio estar\u00e1 disponible desde el 1\u00ba de septiembre durante las 24 hs. del d\u00eda los 365 d\u00edas<\/span> del a\u00f1o y comprende una unidad m\u00f3vil de Terapia Intensiva con profesional m\u00e9dico, enfermero y chofer para las emergencias que puedan ser resueltas en el lugar. En caso que el paciente requiera otro tipo de asistencia, ser\u00e1 trasladado para su internaci\u00f3n al centro de salud que disponga el afiliado o indique el m\u00e9dico asistente.<\/span><\/h3>\n<h3 class=\"x_MsoNoSpacing\"><span style=\"color: #000000;\">\u00a0<\/span><\/h3>\n<h3 class=\"x_MsoNoSpacing\"><span style=\"color: #000000;\">\u00a0\u00a0\u00a0\u00a0\u00a0\u00a0\u00a0\u00a0\u00a0\u00a0\u00a0 Para solicitar el servicio se deber\u00e1 presentar credencial o DNI y estar en la condici\u00f3n de afiliado activo en Caja Forense.<\/span><\/h3>\n<h3 class=\"x_MsoNoSpacing\"><span style=\"color: #000000;\">\u00a0\u00a0\u00a0\u00a0\u00a0\u00a0\u00a0\u00a0\u00a0\u00a0\u00a0<\/span><\/h3>\n<h3 class=\"x_MsoNoSpacing\" align=\"center\"><span style=\"color: #000000;\"><b><i>Directorio Caja Forense<\/i><\/b><\/span><\/h3>\n","protected":false},"excerpt":{"rendered":"<p>\u00a0 \u00a0 \u00a0 \u00a0 \u00a0 \u00a0 Comunicamos que la Caja Forense ha suscripto un convenio con la empresa AME EMERGENCIAS (H\u00e9ctor Emilio Nardelli S.A.) para que a partir del 1\u00ba de septiembre los afiliados, accedan a la cobertura de emergencias y urgencias m\u00e9dicas, de forma ilimitada, sin pago de coseguro ni presentaci\u00f3n de orden de&hellip;<\/p>\n","protected":false},"author":1,"featured_media":2462,"comment_status":"closed","ping_status":"closed","sticky":false,"template":"","format":"standard","meta":{"footnotes":""},"categories":[7],"tags":[],"class_list":["post-2461","post","type-post","status-publish","format-standard","has-post-thumbnail","hentry","category-noticias-anteriores","category-7","description-off"],"_links":{"self":[{"href":"https:\/\/www.cajaforensesantafe.org.ar\/index.php?rest_route=\/wp\/v2\/posts\/2461","targetHints":{"allow":["GET"]}}],"collection":[{"href":"https:\/\/www.cajaforensesantafe.org.ar\/index.php?rest_route=\/wp\/v2\/posts"}],"about":[{"href":"https:\/\/www.cajaforensesantafe.org.ar\/index.php?rest_route=\/wp\/v2\/types\/post"}],"author":[{"embeddable":true,"href":"https:\/\/www.cajaforensesantafe.org.ar\/index.php?rest_route=\/wp\/v2\/users\/1"}],"replies":[{"embeddable":true,"href":"https:\/\/www.cajaforensesantafe.org.ar\/index.php?rest_route=%2Fwp%2Fv2%2Fcomments&post=2461"}],"version-history":[{"count":2,"href":"https:\/\/www.cajaforensesantafe.org.ar\/index.php?rest_route=\/wp\/v2\/posts\/2461\/revisions"}],"predecessor-version":[{"id":2464,"href":"https:\/\/www.cajaforensesantafe.org.ar\/index.php?rest_route=\/wp\/v2\/posts\/2461\/revisions\/2464"}],"wp:featuredmedia":[{"embeddable":true,"href":"https:\/\/www.cajaforensesantafe.org.ar\/index.php?rest_route=\/wp\/v2\/media\/2462"}],"wp:attachment":[{"href":"https:\/\/www.cajaforensesantafe.org.ar\/index.php?rest_route=%2Fwp%2Fv2%2Fmedia&parent=2461"}],"wp:term":[{"taxonomy":"category","embeddable":true,"href":"https:\/\/www.cajaforensesantafe.org.ar\/index.php?rest_route=%2Fwp%2Fv2%2Fcategories&post=2461"},{"taxonomy":"post_tag","embeddable":true,"href":"https:\/\/www.cajaforensesantafe.org.ar\/index.php?rest_route=%2Fwp%2Fv2%2Ftags&post=2461"}],"curies":[{"name":"wp","href":"https:\/\/api.w.org\/{rel}","templated":true}]}}