{"id":3076,"date":"2023-04-03T10:22:37","date_gmt":"2023-04-03T10:22:37","guid":{"rendered":"https:\/\/www.cajaforensesantafe.org.ar\/?p=3076"},"modified":"2025-02-24T19:23:00","modified_gmt":"2025-02-24T19:23:00","slug":"informamos-que-a-partir-del-104-la-asociacion-odontologica-del-noroeste-santafesino-decidio-rescindir-el-convenio-firmado-con-caja-forense","status":"publish","type":"post","link":"https:\/\/www.cajaforensesantafe.org.ar\/?p=3076","title":{"rendered":"Informamos que, a partir del 1\/04 la Asociaci\u00f3n Odontol\u00f3gica del Noroeste Santafesino, decidi\u00f3 rescindir el convenio firmado con Caja Forense"},"content":{"rendered":"<p><span style=\"color: #000000;\">Informamos que, a partir del 1\/04 la Asociaci\u00f3n Odontol\u00f3gica del Noroeste Santafesino, decidi\u00f3 rescindir el convenio firmado<\/span><br \/>\n<span style=\"color: #000000;\">con Caja Forense, a pesar de negociaciones mantenidas durante mucho tiempo. Se ofreci\u00f3 un incremento con mismos valores al resto de las asociaciones odontol\u00f3gicas de la circunscripci\u00f3n, habiendo sido rechazado.<\/span><br \/>\n<span style=\"color: #000000;\">Se adjuntan padrones de odont\u00f3logos de la zona de Rafaela que contin\u00faan siendo prestadores de la Caja, ya que facturan por el <\/span><br \/>\n<span style=\"color: #000000;\">C\u00edrculo Odontol\u00f3gico Santafesino, la Asociaci\u00f3n Odontol\u00f3gica Santafesina y Mutual del Poder Judicial.<\/span><\/p>\n<p><span style=\"color: #000000;\">Los afiliados que decidan ser atendidos por odont\u00f3logos fuera de los padrones informados, podr\u00e1n solicitar el reintegro de los gastos, a valores convenidos por Caja Forense con sus prestadores al momento de la realizaci\u00f3n de la prestaci\u00f3n.<\/span><\/p>\n<p><b>Para ver el padr\u00f3n\u00a0de odont\u00f3logos\u00a0\u00a0haga click <\/b><a style=\"font-weight: bold;\" href=\"https:\/\/www.cajaforensesantafe.org.ar\/wp-content\/uploads\/2023\/04\/ListadoODONTOLOGOSRAFAELA.png\" target=\"_blank\" rel=\"noopener\">aqu<\/a><b>\u00ed<\/b><\/p>\n","protected":false},"excerpt":{"rendered":"<p>Informamos que, a partir del 1\/04 la Asociaci\u00f3n Odontol\u00f3gica del Noroeste Santafesino, decidi\u00f3 rescindir el convenio firmado con Caja Forense, a pesar de negociaciones mantenidas durante mucho tiempo. Se ofreci\u00f3 un incremento con mismos valores al resto de las asociaciones odontol\u00f3gicas de la circunscripci\u00f3n, habiendo sido rechazado. Se adjuntan padrones de odont\u00f3logos de la zona&hellip;<\/p>\n","protected":false},"author":1,"featured_media":0,"comment_status":"closed","ping_status":"closed","sticky":false,"template":"","format":"standard","meta":{"footnotes":""},"categories":[7],"tags":[],"class_list":["post-3076","post","type-post","status-publish","format-standard","hentry","category-noticias-anteriores","category-7","description-off"],"_links":{"self":[{"href":"https:\/\/www.cajaforensesantafe.org.ar\/index.php?rest_route=\/wp\/v2\/posts\/3076","targetHints":{"allow":["GET"]}}],"collection":[{"href":"https:\/\/www.cajaforensesantafe.org.ar\/index.php?rest_route=\/wp\/v2\/posts"}],"about":[{"href":"https:\/\/www.cajaforensesantafe.org.ar\/index.php?rest_route=\/wp\/v2\/types\/post"}],"author":[{"embeddable":true,"href":"https:\/\/www.cajaforensesantafe.org.ar\/index.php?rest_route=\/wp\/v2\/users\/1"}],"replies":[{"embeddable":true,"href":"https:\/\/www.cajaforensesantafe.org.ar\/index.php?rest_route=%2Fwp%2Fv2%2Fcomments&post=3076"}],"version-history":[{"count":5,"href":"https:\/\/www.cajaforensesantafe.org.ar\/index.php?rest_route=\/wp\/v2\/posts\/3076\/revisions"}],"predecessor-version":[{"id":3520,"href":"https:\/\/www.cajaforensesantafe.org.ar\/index.php?rest_route=\/wp\/v2\/posts\/3076\/revisions\/3520"}],"wp:attachment":[{"href":"https:\/\/www.cajaforensesantafe.org.ar\/index.php?rest_route=%2Fwp%2Fv2%2Fmedia&parent=3076"}],"wp:term":[{"taxonomy":"category","embeddable":true,"href":"https:\/\/www.cajaforensesantafe.org.ar\/index.php?rest_route=%2Fwp%2Fv2%2Fcategories&post=3076"},{"taxonomy":"post_tag","embeddable":true,"href":"https:\/\/www.cajaforensesantafe.org.ar\/index.php?rest_route=%2Fwp%2Fv2%2Ftags&post=3076"}],"curies":[{"name":"wp","href":"https:\/\/api.w.org\/{rel}","templated":true}]}}