{"id":3223,"date":"2023-10-17T21:27:31","date_gmt":"2023-10-17T21:27:31","guid":{"rendered":"https:\/\/www.cajaforensesantafe.org.ar\/?p=3223"},"modified":"2024-11-06T11:09:47","modified_gmt":"2024-11-06T11:09:47","slug":"posicionamiento-como-institucion-financiadora-de-salud-frente-a-afirmaciones-inexactas-vertidas-por-los-prestadores","status":"publish","type":"post","link":"https:\/\/www.cajaforensesantafe.org.ar\/?p=3223","title":{"rendered":"Posicionamiento como instituci\u00f3n financiadora de salud frente a afirmaciones inexactas vertidas por los prestadores"},"content":{"rendered":"<p class=\"x_MsoNoSpacing\"><span style=\"color: #000000;\">La situaci\u00f3n del pa\u00eds refleja una crisis que afecta tanto a los prestadores como a instituciones como la nuestra, cuyo fin es brindar un servicio de salud digno y accesible a los afiliados. Resulta imperioso reconocer que dicha crisis afecta a los\u00a0<b>Prestadores<\/b>\u00a0(por sus costos, honorarios), a\u00a0<b>nuestra Instituci\u00f3n<\/b>, cuyos ingresos en pesos se deterioran mientras los costos suben en sinton\u00eda con el d\u00f3lar y a los\u00a0<b>Afiliados<\/b>, quienes sostienen con sus aportes estos sistemas de salud solidarios. El reconocimiento sobre el car\u00e1cter de esta afectaci\u00f3n, es el punto de partida para establecer acuerdos donde\u00a0<b>Prestadores<\/b>\u00a0e\u00a0<b>Instituciones de Salud,<\/b>\u00a0absorban equitativamente los costos de los servicios, a fin de garantizar el acceso a la salud.<\/span><\/p>\n<p class=\"x_MsoNoSpacing\"><span style=\"color: #000000;\">\u00a0<\/span><\/p>\n<p class=\"x_MsoNoSpacing\"><span style=\"color: #000000;\">No es cierto que\u00a0<i>\u201cel deterioro de los aranceles viene de hace varios a\u00f1os y que siempre fue absorbido por el profesional<\/i>\u201d, dado que la actualizaci\u00f3n de los aranceles es fruto de una negociaci\u00f3n entre ambas partes (Prestadores e Instituciones de Salud) que finaliza con un acuerdo sobre los valores y la vigencia que se aplicar\u00e1 a cada prestaci\u00f3n. Y lo que los prestadores facturan como consecuencia de la atenci\u00f3n de los afiliados, se abona dentro de los treinta (30) d\u00edas de recibida la facturaci\u00f3n.<\/span><\/p>\n<p class=\"x_MsoNoSpacing\"><span style=\"color: #000000;\">\u00a0<\/span><\/p>\n<p class=\"x_MsoNoSpacing\"><span style=\"color: #000000;\">Dado que es nuestra obligaci\u00f3n administrar responsablemente las Instituciones y defender los intereses y derechos de los afiliados, entendemos que resulta injusto que se pretenda cobrar plus por sobre los valores convenidos.<\/span><\/p>\n<p class=\"x_MsoNoSpacing\"><span style=\"color: #000000;\">\u00a0<\/span><\/p>\n<p class=\"x_MsoNoSpacing\"><span style=\"color: #000000;\">Cada vez que se conviene un aumento en las tarifas, nuestra instituci\u00f3n y los afiliados se ven afectados por igual, dado que el coseguro que \u00e9stos abonan por la autorizaci\u00f3n de una pr\u00e1ctica, surge de un porcentaje que es el que mantiene la equidad entre ambas partes al momento de afrontar la facturaci\u00f3n. Por ende, respetar los valores convenidos resulta crucial para la continuidad y mantenimiento de un sistema de salud digno y previsible para las partes.<\/span><\/p>\n<p class=\"x_MsoNoSpacing\"><span style=\"color: #000000;\">\u00a0<\/span><\/p>\n<p class=\"x_MsoNoSpacing\"><span style=\"color: #000000;\">En s\u00edntesis: nuestra instituci\u00f3n no s\u00f3lo viene respetando los valores y vigencias que se acuerdan con los prestadores, sino que hace un enorme esfuerzo por continuar abonando las facturaciones en tiempo y forma y por ello no es justo que la crisis se traslade a nuestra instituci\u00f3n o a nuestros afiliados con mayores costos, argumentando que solo afecta a los prestadores profesionales.<\/span><\/p>\n<p><span style=\"color: #000000;\">Y en relaci\u00f3n con el aumento de los insumos en moneda extranjera, ser\u00eda m\u00e1s adecuado direccionar el reclamo hacia el gobierno a efectos de conseguir una cotizaci\u00f3n diferenciada que garantice su normal suministro. No se puede pretender que nuestra instituci\u00f3n dolarice sus pagos, cuando los ingresos son en pesos.<\/span><\/p>\n","protected":false},"excerpt":{"rendered":"<p>La situaci\u00f3n del pa\u00eds refleja una crisis que afecta tanto a los prestadores como a instituciones como la nuestra, cuyo fin es brindar un servicio de salud digno y accesible a los afiliados. Resulta imperioso reconocer que dicha crisis afecta a los\u00a0Prestadores\u00a0(por sus costos, honorarios), a\u00a0nuestra Instituci\u00f3n, cuyos ingresos en pesos se deterioran mientras los&hellip;<\/p>\n","protected":false},"author":1,"featured_media":0,"comment_status":"closed","ping_status":"closed","sticky":false,"template":"","format":"standard","meta":{"footnotes":""},"categories":[5],"tags":[],"class_list":["post-3223","post","type-post","status-publish","format-standard","hentry","category-noticias","category-5","description-off"],"_links":{"self":[{"href":"https:\/\/www.cajaforensesantafe.org.ar\/index.php?rest_route=\/wp\/v2\/posts\/3223","targetHints":{"allow":["GET"]}}],"collection":[{"href":"https:\/\/www.cajaforensesantafe.org.ar\/index.php?rest_route=\/wp\/v2\/posts"}],"about":[{"href":"https:\/\/www.cajaforensesantafe.org.ar\/index.php?rest_route=\/wp\/v2\/types\/post"}],"author":[{"embeddable":true,"href":"https:\/\/www.cajaforensesantafe.org.ar\/index.php?rest_route=\/wp\/v2\/users\/1"}],"replies":[{"embeddable":true,"href":"https:\/\/www.cajaforensesantafe.org.ar\/index.php?rest_route=%2Fwp%2Fv2%2Fcomments&post=3223"}],"version-history":[{"count":2,"href":"https:\/\/www.cajaforensesantafe.org.ar\/index.php?rest_route=\/wp\/v2\/posts\/3223\/revisions"}],"predecessor-version":[{"id":3225,"href":"https:\/\/www.cajaforensesantafe.org.ar\/index.php?rest_route=\/wp\/v2\/posts\/3223\/revisions\/3225"}],"wp:attachment":[{"href":"https:\/\/www.cajaforensesantafe.org.ar\/index.php?rest_route=%2Fwp%2Fv2%2Fmedia&parent=3223"}],"wp:term":[{"taxonomy":"category","embeddable":true,"href":"https:\/\/www.cajaforensesantafe.org.ar\/index.php?rest_route=%2Fwp%2Fv2%2Fcategories&post=3223"},{"taxonomy":"post_tag","embeddable":true,"href":"https:\/\/www.cajaforensesantafe.org.ar\/index.php?rest_route=%2Fwp%2Fv2%2Ftags&post=3223"}],"curies":[{"name":"wp","href":"https:\/\/api.w.org\/{rel}","templated":true}]}}