{"id":367,"date":"2015-06-08T18:37:53","date_gmt":"2015-06-08T18:37:53","guid":{"rendered":"https:\/\/www.cajaforensesantafe.org.ar\/?p=367"},"modified":"2020-03-10T10:11:11","modified_gmt":"2020-03-10T10:11:11","slug":"123","status":"publish","type":"post","link":"https:\/\/www.cajaforensesantafe.org.ar\/?p=367","title":{"rendered":"PLAN INFANTIL"},"content":{"rendered":"<div class=\"wpb_row wf-container\">\n<div class=\"vc_col-sm-12 wpb_column column_container \">\n<div class=\"wpb_wrapper\">\n<div class=\"wpb_text_column wpb_content_element \">\n<div class=\"wpb_wrapper\">\n<h5 data-canvas-width=\"246.12120000000002\">Para acceder al beneficio:<\/h5>\n<h5 data-canvas-width=\"124.58159999999998\">deber\u00e1 afiliar al beb\u00e9 en esta obra social, la cual no es autom\u00e1tica, sino que deber\u00e1 realizar el tr\u00e1mite en la instituci\u00f3n en forma personal, dentro de los 30 d\u00edas posteriores al parto, a fin de obtener el beneficio inmediato, sin carencia.<\/h5>\n<\/div>\n<\/div>\n<\/div>\n<\/div>\n<\/div>\n<div class=\"wpb_row wf-container\">\n<div class=\"vc_col-sm-12 wpb_column column_container \">\n<div class=\"wpb_wrapper\">\n<div class=\"wpb_single_image wpb_content_element vc_align_left\">\n<div class=\"wpb_wrapper\">\n<div class=\"vc_single_image-wrapper vc_box_border_grey\"><img loading=\"lazy\" decoding=\"async\" class=\"vc_single_image-img attachment-large\" src=\"https:\/\/www.cajaforensesantafe.org.ar\/wp-content\/uploads\/2015\/11\/amamantar.jpg\" alt=\"amamantar\" width=\"990\" height=\"266\" \/><\/div>\n<\/div>\n<\/div>\n<\/div>\n<\/div>\n<\/div>\n<div class=\"wpb_row wf-container\">\n<div class=\"vc_col-sm-12 wpb_column column_container \">\n<div class=\"wpb_wrapper\">\n<div class=\"wpb_text_column wpb_content_element \">\n<div class=\"wpb_wrapper\">\n<div data-canvas-width=\"282.08699999999993\">COBERTURA DE 100% EN:<\/div>\n<ul>\n<li data-canvas-width=\"131.64839999999992\">\u00a01 Visita m\u00e9dica mensual, hasta el primer a\u00f1o de vida<\/li>\n<li>\u00a0 Las vacunas que se encuentren fuera del calendario obligatorias y recetadas por el medico pediatra (incluidas en nuestro vademecum \u2013 consultarlo en nuestra pagina web) presentar en cualquier farmacia adherida al Colegio de Farmaceuticos: receta m\u00e9dica y credencial de la obra social. Esta cobertura es hasta los 12 a\u00f1os de edad con una carencia de 30 d\u00edas.<\/li>\n<li>\n<div data-canvas-width=\"16.704799999999995\">Internaciones: cl\u00ednicas, quir\u00fargicas, neonatales, Unidad Terapia Intensiva, Cuidados especiales (incluyendo anestesia, alimentaci\u00f3n parenteral<\/div>\n<div data-canvas-width=\"279.864\">y an\u00e1lisis) durante el primer a\u00f1o de vida.<\/div>\n<\/li>\n<li>Para aquellos casos en que el m\u00e9dico pediatra lo indique(con historia cl\u00ednica que lo justifique),cuenta con una cobertura de 9 Kg. de leche maternizada (incluida en nuestro vadem\u00e9cum \u2013consultarlo en nuestra p\u00e1gina web), en los primeros tres meses de vida del beb\u00e9, la cobertura ser\u00e1 por reposici\u00f3n,en cualquier farmacia adherida al Colegio de Farmac\u00e9uticos presentando receta m\u00e9dica pedi\u00e1trica y credencial de la obra social<\/li>\n<\/ul>\n<p>Adem\u00e1s:<\/p>\n<p>Pr\u00f3tesis: 50% de cobertura<\/p>\n<\/div>\n<\/div>\n<\/div>\n<\/div>\n<\/div>\n","protected":false},"excerpt":{"rendered":"<p>Para acceder al beneficio: deber\u00e1 afiliar al beb\u00e9 en esta obra social, la cual no es autom\u00e1tica, sino que deber\u00e1 realizar el tr\u00e1mite en la instituci\u00f3n en forma personal, dentro de los 30 d\u00edas posteriores al parto, a fin de obtener el beneficio inmediato, sin carencia. COBERTURA DE 100% EN: \u00a01 Visita m\u00e9dica mensual, hasta&hellip;<\/p>\n","protected":false},"author":1,"featured_media":286,"comment_status":"closed","ping_status":"closed","sticky":false,"template":"","format":"standard","meta":{"footnotes":""},"categories":[7],"tags":[],"class_list":["post-367","post","type-post","status-publish","format-standard","has-post-thumbnail","hentry","category-noticias-anteriores","category-7","description-off"],"_links":{"self":[{"href":"https:\/\/www.cajaforensesantafe.org.ar\/index.php?rest_route=\/wp\/v2\/posts\/367","targetHints":{"allow":["GET"]}}],"collection":[{"href":"https:\/\/www.cajaforensesantafe.org.ar\/index.php?rest_route=\/wp\/v2\/posts"}],"about":[{"href":"https:\/\/www.cajaforensesantafe.org.ar\/index.php?rest_route=\/wp\/v2\/types\/post"}],"author":[{"embeddable":true,"href":"https:\/\/www.cajaforensesantafe.org.ar\/index.php?rest_route=\/wp\/v2\/users\/1"}],"replies":[{"embeddable":true,"href":"https:\/\/www.cajaforensesantafe.org.ar\/index.php?rest_route=%2Fwp%2Fv2%2Fcomments&post=367"}],"version-history":[{"count":5,"href":"https:\/\/www.cajaforensesantafe.org.ar\/index.php?rest_route=\/wp\/v2\/posts\/367\/revisions"}],"predecessor-version":[{"id":2170,"href":"https:\/\/www.cajaforensesantafe.org.ar\/index.php?rest_route=\/wp\/v2\/posts\/367\/revisions\/2170"}],"wp:featuredmedia":[{"embeddable":true,"href":"https:\/\/www.cajaforensesantafe.org.ar\/index.php?rest_route=\/wp\/v2\/media\/286"}],"wp:attachment":[{"href":"https:\/\/www.cajaforensesantafe.org.ar\/index.php?rest_route=%2Fwp%2Fv2%2Fmedia&parent=367"}],"wp:term":[{"taxonomy":"category","embeddable":true,"href":"https:\/\/www.cajaforensesantafe.org.ar\/index.php?rest_route=%2Fwp%2Fv2%2Fcategories&post=367"},{"taxonomy":"post_tag","embeddable":true,"href":"https:\/\/www.cajaforensesantafe.org.ar\/index.php?rest_route=%2Fwp%2Fv2%2Ftags&post=367"}],"curies":[{"name":"wp","href":"https:\/\/api.w.org\/{rel}","templated":true}]}}