{"id":5017,"date":"2025-04-21T19:48:58","date_gmt":"2025-04-21T19:48:58","guid":{"rendered":"https:\/\/www.cajaforensesantafe.org.ar\/?p=5017"},"modified":"2026-04-21T17:48:59","modified_gmt":"2026-04-21T17:48:59","slug":"les-gasmasken-typen-dans-la-culture-visuelle-moderne-analyse-et-impacts","status":"publish","type":"post","link":"https:\/\/www.cajaforensesantafe.org.ar\/?p=5017","title":{"rendered":"Les Gasmasken-Typen dans la Culture Visuelle Moderne : Analyse et Impacts"},"content":{"rendered":"<article>\n<p>Depuis le d\u00e9but du XXIe si\u00e8cle, l&#8217;imagerie associ\u00e9e aux masques \u00e0 gaz, notamment la fonctionnalit\u00e9 et l\u2019esth\u00e9tique des fameux <a href=\"https:\/\/faceoff.fr\/\">Face Off, mit dem Gasmasken-Typ<\/a>, occupe une place essentielle dans la symbolique visuelle, la mode, et la culture populaire. Cette iconographie, souvent d\u00e9ploy\u00e9e dans des contextes alternatifs ou dystopiques, va bien au-del\u00e0 de sa simple origine utilitaire, incarnant des notions complexes de protection, de r\u00e9sistance et d&#8217;anonymat dans un monde hyperconnect\u00e9 et chaotique.<\/p>\n<h2>Une origine militaire et technologique<\/h2>\n<p>Les masques \u00e0 gaz, con\u00e7us initialement pour prot\u00e9ger les utilisateurs des agents chimiques lors des conflits du XXe si\u00e8cle, ont \u00e9volu\u00e9 d&#8217;outils de guerre \u00e0 des symboles port\u00e9s dans la culture de masse. Leur conception technique, m\u00ealant filtres \u00e0 charbon actif et mat\u00e9riaux de protection, leur conf\u00e8re une aura quasi mythologique dans l&#8217;imaginaire collectif. Leur apparition dans la mode et l&#8217;art visuel s\u2019est acc\u00e9l\u00e9r\u00e9e dans les ann\u00e9es 2000, notamment sous l&#8217;influence d&#8217;esth\u00e9tiques cyberpunk, post-apocalyptiques, et de mouvements subversifs.<\/p>\n<h2>Les gasmasken-types dans la culture contemporaine<\/h2>\n<p>Les diff\u00e9rentes \u00abtypes\u00bb ou variantes de masques \u00e0 gaz, tels que ceux illustr\u00e9s sur Face Off, incarnent une diversit\u00e9 esth\u00e9tique et symbolique. Certains masques \u00e9voquent une r\u00e9sistance agressive, d\u2019autres une anonymisation ou une d\u00e9shumanisation. Leur usage dans la mode, le street art, ou le cin\u00e9ma se r\u00e9v\u00e8le r\u00e9v\u00e9lateur des tensions sociales et des angoisses li\u00e9es \u00e0 la s\u00e9curit\u00e9, la Surveillance ou la crise climatique.<\/p>\n<h2>Une empreinte dans la mode et l\u2019art urbain<\/h2>\n<p>Les cr\u00e9ateurs contemporains revisitent ces \u00e9l\u00e9ments iconographiques pour questionner l\u2019identit\u00e9, la r\u00e9sistance et le pouvoir. La mode underground, notamment dans le streetwear ou le th\u00e9\u00e2tre de rue, utilise ces masques pour exprimer une dissidence ou une critique sociale. La r\u00e9f\u00e9rence aux \u00abGasmasken-Typ\u00bb dans l\u2019article de Face Off permet d\u2019acc\u00e9der \u00e0 une compr\u00e9hension approfondie des divers styles, techniques, et symboliques attach\u00e9s \u00e0 ces masques, ce qui t\u00e9moigne de leur importance dans la construction de nouveaux paradigmes visuels.<\/p>\n<h2>Les enjeux de s\u00e9curit\u00e9 et technologie dans la symbolique du masque<\/h2>\n<p>Au-del\u00e0 de l\u2019esth\u00e9tique, ces masques sont \u00e9galement un symbole des enjeux technologiques et s\u00e9curitaires modernes. Leur usage dans les manifestations, les \u00e9v\u00e9nements artistiques, ou m\u00eame dans des productions de divertissement, met en \u00e9vidence la tension entre la n\u00e9cessit\u00e9 de se prot\u00e9ger et la volont\u00e9 de se d\u00e9fier du regard de la soci\u00e9t\u00e9. La diversit\u00e9 de ces types, comme expliqu\u00e9 dans le contenu de Face Off, souligne cette dualit\u00e9 et la multiplicit\u00e9 des interpr\u00e9tations que leur conf\u00e8re leur design.<\/p>\n<h2>Conclusion : le masque comme miroir des soci\u00e9t\u00e9s modernes<\/h2>\n<p>En d\u00e9finitive, la pr\u00e9sence des <em>Gasmasken-Typen<\/em> dans la culture visuelle contemporaine s\u2019inscrit dans une dynamique plus large, celle de la repr\u00e9sentation des peurs collectives, mais aussi de la r\u00e9volte symbolique contre le conformisme ou la d\u00e9possession. Leur int\u00e9gration dans des \u0153uvres artistiques, des d\u00e9fil\u00e9s de mode, ou des mouvements alternatifs refl\u00e8te leur r\u00f4le en tant que \/\/ vecteur de sens pour une soci\u00e9t\u00e9 en constante mutation.<\/p>\n<div class=\"note\">\n<strong>Note :<\/strong> Pour une exploration plus approfondie de ces variantes esth\u00e9tiques et symboliques, consulter l&#8217;article d\u00e9taill\u00e9 disponible sur Face Off, mit dem Gasmasken-Typ.\n<\/div>\n<\/article>\n","protected":false},"excerpt":{"rendered":"<p>Depuis le d\u00e9but du XXIe si\u00e8cle, l&#8217;imagerie associ\u00e9e aux masques \u00e0 gaz, notamment la fonctionnalit\u00e9 et l\u2019esth\u00e9tique des fameux Face Off, mit dem Gasmasken-Typ, occupe une place essentielle dans la symbolique visuelle, la mode, et la culture populaire. Cette iconographie, souvent d\u00e9ploy\u00e9e dans des contextes alternatifs ou dystopiques, va bien au-del\u00e0 de sa simple origine&hellip;<\/p>\n","protected":false},"author":1,"featured_media":0,"comment_status":"closed","ping_status":"closed","sticky":false,"template":"","format":"standard","meta":{"footnotes":""},"categories":[1],"tags":[],"class_list":["post-5017","post","type-post","status-publish","format-standard","hentry","category-sin-categoria","category-1","description-off"],"_links":{"self":[{"href":"https:\/\/www.cajaforensesantafe.org.ar\/index.php?rest_route=\/wp\/v2\/posts\/5017","targetHints":{"allow":["GET"]}}],"collection":[{"href":"https:\/\/www.cajaforensesantafe.org.ar\/index.php?rest_route=\/wp\/v2\/posts"}],"about":[{"href":"https:\/\/www.cajaforensesantafe.org.ar\/index.php?rest_route=\/wp\/v2\/types\/post"}],"author":[{"embeddable":true,"href":"https:\/\/www.cajaforensesantafe.org.ar\/index.php?rest_route=\/wp\/v2\/users\/1"}],"replies":[{"embeddable":true,"href":"https:\/\/www.cajaforensesantafe.org.ar\/index.php?rest_route=%2Fwp%2Fv2%2Fcomments&post=5017"}],"version-history":[{"count":1,"href":"https:\/\/www.cajaforensesantafe.org.ar\/index.php?rest_route=\/wp\/v2\/posts\/5017\/revisions"}],"predecessor-version":[{"id":5018,"href":"https:\/\/www.cajaforensesantafe.org.ar\/index.php?rest_route=\/wp\/v2\/posts\/5017\/revisions\/5018"}],"wp:attachment":[{"href":"https:\/\/www.cajaforensesantafe.org.ar\/index.php?rest_route=%2Fwp%2Fv2%2Fmedia&parent=5017"}],"wp:term":[{"taxonomy":"category","embeddable":true,"href":"https:\/\/www.cajaforensesantafe.org.ar\/index.php?rest_route=%2Fwp%2Fv2%2Fcategories&post=5017"},{"taxonomy":"post_tag","embeddable":true,"href":"https:\/\/www.cajaforensesantafe.org.ar\/index.php?rest_route=%2Fwp%2Fv2%2Ftags&post=5017"}],"curies":[{"name":"wp","href":"https:\/\/api.w.org\/{rel}","templated":true}]}}