{"id":7324,"date":"2025-04-22T00:18:09","date_gmt":"2025-04-22T00:18:09","guid":{"rendered":"https:\/\/www.cajaforensesantafe.org.ar\/?p=7324"},"modified":"2026-04-21T22:18:10","modified_gmt":"2026-04-21T22:18:10","slug":"evolution-du-secteur-du-velo-electrique-innovations-tendances-et-enjeux","status":"publish","type":"post","link":"https:\/\/www.cajaforensesantafe.org.ar\/?p=7324","title":{"rendered":"\u00c9volution du secteur du v\u00e9lo \u00e9lectrique : Innovations, tendances et enjeux"},"content":{"rendered":"<p>Le march\u00e9 du v\u00e9lo \u00e9lectrique conna\u00eet une croissance exponentielle en r\u00e9ponse \u00e0 une transition \u00e9cologique globale, une urbanisation soutenue et une qu\u00eate croissante de modes de d\u00e9placement alternatifs. Cette dynamique n\u2019est pas seulement une tendance passag\u00e8re, mais un v\u00e9ritable mouvement qui red\u00e9finit la mobilit\u00e9 urbaine et rurale \u00e0 l\u2019\u00e9chelle mondiale.<\/p>\n<h2>Les facteurs moteurs de la transformation du secteur du deux-roues \u00e9lectrique<\/h2>\n<p>Les donn\u00e9es de l\u2019*Agence Europ\u00e9enne pour l\u2019Environnement* indiquent que le nombre de v\u00e9los \u00e9lectriques en circulation dans l\u2019Union europ\u00e9enne a d\u00e9pass\u00e9 10 millions en 2023,contre seulement 2 millions en 2015. Selon une \u00e9tude r\u00e9cente de l\u2019<em>European Cyclists&#8217; Federation<\/em>, la croissance annuelle moyenne est de 15-20 %, soutenue par des politiques publiques favorables et des incitations fiscales.<\/p>\n<blockquote><p>\n<b>\u00abL\u2019adoption massive des v\u00e9los \u00e9lectriques repose sur une alliance efficace entre innovation technologique, incitations politiques et changements soci\u00e9taux.\u00bb<\/b> \u2014 Expert en mobilit\u00e9 urbaine\n<\/p><\/blockquote>\n<p>En int\u00e9grant ces \u00e9l\u00e9ments, une compr\u00e9hension fine des nouvelles tendances permet aux acteurs de rester comp\u00e9titifs. Ainsi, l\u2019\u00e9mergence de nouvelles batteries, notamment celles \u00e0 base de lithium-fer-phosphate (LiFePO4), offrent une autonomie accrue tout en renfor\u00e7ant la durabilit\u00e9 environnementale.<\/p>\n<h2>Innovations technologiques catalysant le virage \u00e9lectrique<\/h2>\n<table>\n<thead>\n<tr>\n<th>Innovation<\/th>\n<th>Description<\/th>\n<th>Impact<\/th>\n<\/tr>\n<\/thead>\n<tbody>\n<tr>\n<td>Battery Management Systems (BMS)<\/td>\n<td>Syst\u00e8mes avanc\u00e9s pour optimiser la dur\u00e9e de vie et la s\u00e9curit\u00e9 des batteries<\/td>\n<td>Am\u00e9lioration de la fiabilit\u00e9 et r\u00e9duction des co\u00fbts \u00e0 long terme<\/td>\n<\/tr>\n<tr>\n<td>Int\u00e9gration IoT<\/td>\n<td>Connectivit\u00e9 des v\u00e9los pour le suivi en temps r\u00e9el et la maintenance pr\u00e9dictive<\/td>\n<td>Exp\u00e9rience utilisateur enrichie et gestion optimis\u00e9e de la flotte<\/td>\n<\/tr>\n<tr>\n<td>Mat\u00e9riaux composites<\/td>\n<td>Utilisation de fibres de carbone pour la l\u00e9g\u00e8ret\u00e9 et la robustesse<\/td>\n<td>Performance accrue sans compromettre la durabilit\u00e9<\/td>\n<\/tr>\n<\/tbody>\n<\/table>\n<h2>Le r\u00f4le strat\u00e9gique des acteurs innovants : le cas de \u00abLe Cowboy new\u00bb<\/h2>\n<p>Dans ce paysage en constante \u00e9volution, les entreprises comme <a href=\"https:\/\/le-cowboy-demo.fr\/\"><strong>Le Cowboy new<\/strong><\/a> jouent un r\u00f4le cl\u00e9 en proposant des solutions int\u00e9gr\u00e9es, design soign\u00e9, et une exp\u00e9rience utilisateur centr\u00e9e sur la mobilit\u00e9 urbaine moderne. Leur approche combine design, technologie et durabilit\u00e9, illustrant parfaitement comment une marque peut s\u2019inscrire dans cette vague de changement.<\/p>\n<div class=\"accent\">\n<h2>Une approche orient\u00e9e utilisateur et innovation durable<\/h2>\n<p>Les mod\u00e8les de <em>Le Cowboy new<\/em> incarnent cette philosophie en mettant l\u2019accent sur la facilit\u00e9 d\u2019utilisation, la simplicit\u00e9 de l\u2019entretien et l\u2019int\u00e9gration num\u00e9rique, notamment via des applications mobiles pour la gestion du v\u00e9lo et la localisation en temps r\u00e9el. De plus, leurs choix en mat\u00e9riaux et batteries d\u00e9montrent un engagement solide envers la durabilit\u00e9.<\/p>\n<\/div>\n<h2>Les enjeux et d\u00e9fis pour l\u2019avenir<\/h2>\n<ul>\n<li><strong>Soutenabilit\u00e9 environnementale :<\/strong> R\u00e9duction de l\u2019impact \u00e9cologique tout au long du cycle de vie du produit.<\/li>\n<li><strong>Accessibilit\u00e9 :<\/strong> Rendre la mobilit\u00e9 \u00e9lectrique abordable pour tous, y compris dans les zones rurales ou moins urbanis\u00e9es.<\/li>\n<li><strong>Infrastructures ad\u00e9quates :<\/strong> D\u00e9veloppement d\u2019un r\u00e9seau s\u00e9curis\u00e9 pour le stationnement et la recharge.<\/li>\n<li><strong>Innovation continue :<\/strong> R&amp;D pour am\u00e9liorer autonomie, s\u00e9curit\u00e9, et connectivit\u00e9.<\/li>\n<\/ul>\n<p>Le succ\u00e8s de cette transition d\u00e9pendra d\u2019une collaboration \u00e9troite entre fabricants, gouvernements, et citoyens. La mont\u00e9e en puissance des solutions comme celles propos\u00e9es par Le Cowboy new t\u00e9moigne de cette synergie, qui peut catalyser une mobilit\u00e9 plus durable et inclusive.<\/p>\n<h2>Conclusion : Vers un avenir \u00e9lectrique organis\u00e9 et innovant<\/h2>\n<p>Le march\u00e9 du v\u00e9lo \u00e9lectrique est bien plus qu\u2019une simple tendance : il s\u2019agit d\u2019un pilier strat\u00e9gique pour relever les d\u00e9fis climatiques et urbains actuels. Companies that innovate, like Le Cowboy new, exemplifient cette vision d\u2019un futur o\u00f9 technologie et durabilit\u00e9 cohabitent pour r\u00e9inventer la mobilit\u00e9 urbaine.<\/p>\n<div class=\"sources\">\n<p>Sources principales :<br \/>\n  &#8211; Agence Europ\u00e9enne pour l\u2019Environnement<br \/>\n  &#8211; European Cyclists&#8217; Federation<br \/>\n  &#8211; \u00c9tudes de march\u00e9 et r\u00e9cents rapports industriels<\/p>\n<\/div>\n","protected":false},"excerpt":{"rendered":"<p>Le march\u00e9 du v\u00e9lo \u00e9lectrique conna\u00eet une croissance exponentielle en r\u00e9ponse \u00e0 une transition \u00e9cologique globale, une urbanisation soutenue et une qu\u00eate croissante de modes de d\u00e9placement alternatifs. Cette dynamique n\u2019est pas seulement une tendance passag\u00e8re, mais un v\u00e9ritable mouvement qui red\u00e9finit la mobilit\u00e9 urbaine et rurale \u00e0 l\u2019\u00e9chelle mondiale. Les facteurs moteurs de la&hellip;<\/p>\n","protected":false},"author":1,"featured_media":0,"comment_status":"closed","ping_status":"closed","sticky":false,"template":"","format":"standard","meta":{"footnotes":""},"categories":[1],"tags":[],"class_list":["post-7324","post","type-post","status-publish","format-standard","hentry","category-sin-categoria","category-1","description-off"],"_links":{"self":[{"href":"https:\/\/www.cajaforensesantafe.org.ar\/index.php?rest_route=\/wp\/v2\/posts\/7324","targetHints":{"allow":["GET"]}}],"collection":[{"href":"https:\/\/www.cajaforensesantafe.org.ar\/index.php?rest_route=\/wp\/v2\/posts"}],"about":[{"href":"https:\/\/www.cajaforensesantafe.org.ar\/index.php?rest_route=\/wp\/v2\/types\/post"}],"author":[{"embeddable":true,"href":"https:\/\/www.cajaforensesantafe.org.ar\/index.php?rest_route=\/wp\/v2\/users\/1"}],"replies":[{"embeddable":true,"href":"https:\/\/www.cajaforensesantafe.org.ar\/index.php?rest_route=%2Fwp%2Fv2%2Fcomments&post=7324"}],"version-history":[{"count":1,"href":"https:\/\/www.cajaforensesantafe.org.ar\/index.php?rest_route=\/wp\/v2\/posts\/7324\/revisions"}],"predecessor-version":[{"id":7325,"href":"https:\/\/www.cajaforensesantafe.org.ar\/index.php?rest_route=\/wp\/v2\/posts\/7324\/revisions\/7325"}],"wp:attachment":[{"href":"https:\/\/www.cajaforensesantafe.org.ar\/index.php?rest_route=%2Fwp%2Fv2%2Fmedia&parent=7324"}],"wp:term":[{"taxonomy":"category","embeddable":true,"href":"https:\/\/www.cajaforensesantafe.org.ar\/index.php?rest_route=%2Fwp%2Fv2%2Fcategories&post=7324"},{"taxonomy":"post_tag","embeddable":true,"href":"https:\/\/www.cajaforensesantafe.org.ar\/index.php?rest_route=%2Fwp%2Fv2%2Ftags&post=7324"}],"curies":[{"name":"wp","href":"https:\/\/api.w.org\/{rel}","templated":true}]}}